{"id":880,"date":"2025-03-03T21:40:16","date_gmt":"2025-03-04T03:40:16","guid":{"rendered":"https:\/\/buscafuska.org\/?p=880"},"modified":"2025-03-03T22:14:52","modified_gmt":"2025-03-04T04:14:52","slug":"iniciativa-personal-desarrollando-una-mentalidad-proactiva-para-superar-desafios-y-aprovechar-oportunidades","status":"publish","type":"post","link":"http:\/\/buscafuska.org\/?p=880","title":{"rendered":"Iniciativa Personal: desarrollando una mentalidad proactiva para superar desaf\u00edos y aprovechar oportunidades"},"content":{"rendered":"\n<p class=\"has-text-align-right\">por Monse L\u00f3pez<\/p>\n\n\n\n<div style=\"height:34px\" aria-hidden=\"true\" class=\"wp-block-spacer\"><\/div>\n\n\n\n<p style=\"font-size:18px\">El camino hacia el crecimiento personal, acad\u00e9mico, profesional o emprendedor est\u00e1 lleno de retos y oportunidades. La clave para superar obst\u00e1culos y aprovechar esas oportunidades radica en desarrollar una mentalidad de iniciativa personal.<\/p>\n\n\n\n<div style=\"height:34px\" aria-hidden=\"true\" class=\"wp-block-spacer\"><\/div>\n\n\n\n<p class=\"has-text-align-left\" style=\"font-size:23px\"><mark style=\"background-color:#ffffff;color:#f79226\" class=\"has-inline-color\"><strong><strong><strong><strong>\u00bfQu\u00e9 es la Iniciativa Personal?<\/strong><\/strong><\/strong><\/strong><\/mark><\/p>\n\n\n\n<div style=\"height:34px\" aria-hidden=\"true\" class=\"wp-block-spacer\"><\/div>\n\n\n\n<div class=\"wp-block-media-text has-media-on-the-right is-stacked-on-mobile is-image-fill-element has-background\" style=\"background-color:#f5e2c47a;grid-template-columns:auto 46%\"><div class=\"wp-block-media-text__content\">\n<div style=\"height:42px\" aria-hidden=\"true\" class=\"wp-block-spacer\"><\/div>\n\n\n\n<p style=\"font-size:18px\">El modelo <strong><em>Iniciativa Personal para el Emprendimiento (IP)<\/em><\/strong> fue desarrollada en 2008 por el Prof. Michael Frese y su equipo en la Universidad de Leuphana en L\u00fbneburg, Alemania, es un enfoque psicol\u00f3gico que promueve tres principios clave para lograr el crecimiento en cualquier contexto: ser proactivo, pensar en el futuro y superar barreras. Estos principios ayudan a desarrollar una mentalidad resiliente y positiva que puede transformar la forma en que enfrentamos los retos diarios.<\/p>\n\n\n\n<p class=\"has-text-align-right\" style=\"font-size:7px\"><strong>Fotograf\u00eda: National University of Singapore. (2018, May 22).<\/strong><\/p>\n<\/div><figure class=\"wp-block-media-text__media\"><a class=\"\" href=\"https:\/\/slamedia.mx\/wp-content\/uploads\/2025\/02\/1920_frese-487327.jpg\"><img decoding=\"async\" src=\"https:\/\/slamedia.mx\/wp-content\/uploads\/2025\/02\/1920_frese-487327-1024x576.jpg\" alt=\"Fuente: News.nus.edu.\" class=\"wp-image-3448 size-large\" style=\"object-position:74% 39%\" \/><\/a><\/figure><\/div>\n\n\n\n<div style=\"height:34px\" aria-hidden=\"true\" class=\"wp-block-spacer\"><\/div>\n\n\n\n<p style=\"font-size:18px\">Aunque la metodolog\u00eda fue desarrollada inicialmente con un enfoque espec\u00edfico en emprendedores, tambi\u00e9n puede beneficiar a personas en diversas \u00e1reas como empleados, estudiantes, l\u00edderes sociales e incluso en el \u00e1mbito personal, ya que sus principios son aplicables a cualquier persona ayudando a desarrollar una mentalidad resiliente y positiva que puede transformar la forma en que enfrentamos los retos diarios.<\/p>\n\n\n\n<div style=\"height:34px\" aria-hidden=\"true\" class=\"wp-block-spacer\"><\/div>\n\n\n\n<p class=\"has-text-color\" style=\"color:#19546c;font-size:25px\"><strong><strong><strong><strong>Los tres principios clave de la Iniciativa Personal (IP)<\/strong><\/strong><\/strong><\/strong><\/p>\n\n\n\n<div style=\"height:34px\" aria-hidden=\"true\" class=\"wp-block-spacer\"><\/div>\n\n\n\n<div class=\"wp-block-columns is-not-stacked-on-mobile is-layout-flex wp-container-core-columns-is-layout-28f84493 wp-block-columns-is-layout-flex\">\n<div class=\"wp-block-column is-layout-flow wp-block-column-is-layout-flow\" style=\"flex-basis:10%\">\n<figure class=\"wp-block-image size-full\"><img decoding=\"async\" src=\"https:\/\/slamedia.mx\/wp-content\/uploads\/2025\/01\/image-2.png\" alt=\"\" class=\"wp-image-2643\" \/><\/figure>\n<\/div>\n\n\n\n<div class=\"wp-block-column is-layout-flow wp-block-column-is-layout-flow\" style=\"flex-basis:70%\">\n<p style=\"font-size:18px\"><strong>Ser proactivo:<\/strong> las personas que muestran IP no esperan a que las cosas sucedan. En lugar de reaccionar ante las circunstancias, toman la delantera, buscan nuevas oportunidades y act\u00faan con creatividad para cambiar las cosas.<\/p>\n<\/div>\n<\/div>\n\n\n\n<div class=\"wp-block-columns is-not-stacked-on-mobile is-layout-flex wp-container-core-columns-is-layout-28f84493 wp-block-columns-is-layout-flex\">\n<div class=\"wp-block-column is-layout-flow wp-block-column-is-layout-flow\" style=\"flex-basis:10%\">\n<figure class=\"wp-block-image size-full\"><img decoding=\"async\" src=\"https:\/\/slamedia.mx\/wp-content\/uploads\/2025\/01\/image-5.png\" alt=\"\" class=\"wp-image-3053\" \/><\/figure>\n<\/div>\n\n\n\n<div class=\"wp-block-column is-layout-flow wp-block-column-is-layout-flow\" style=\"flex-basis:70%\">\n<p style=\"font-size:18px\"><strong>Pensar en el futuro:<\/strong> involucra la capacidad de anticipar los desaf\u00edos y oportunidades antes de que se presenten. Las personas con IP son capaces de planificar, adaptarse a cambios y prever las necesidades futuras en sus entornos.<\/p>\n<\/div>\n<\/div>\n\n\n\n<div class=\"wp-block-columns is-not-stacked-on-mobile is-layout-flex wp-container-core-columns-is-layout-28f84493 wp-block-columns-is-layout-flex\">\n<div class=\"wp-block-column is-layout-flow wp-block-column-is-layout-flow\" style=\"flex-basis:10%\">\n<figure class=\"wp-block-image size-full\"><img decoding=\"async\" src=\"https:\/\/slamedia.mx\/wp-content\/uploads\/2025\/01\/image-6.png\" alt=\"\" class=\"wp-image-3054\" \/><\/figure>\n<\/div>\n\n\n\n<div class=\"wp-block-column is-layout-flow wp-block-column-is-layout-flow\" style=\"flex-basis:70%\">\n<p style=\"font-size:18px\"><strong>Superar desaf\u00edos:<\/strong> los obst\u00e1culos no se ven como un fin, sino como una oportunidad para aprender y crecer. Las personas con IP son persistentes y se enfrentan a los contratiempos con una actitud de aprendizaje, lo que les permite desarrollarse continuamente a lo largo del tiempo.<\/p>\n<\/div>\n<\/div>\n\n\n\n<div style=\"height:34px\" aria-hidden=\"true\" class=\"wp-block-spacer\"><\/div>\n\n\n\n<p class=\"has-text-color\" style=\"color:#19546c;font-size:25px\"><strong><strong><strong><strong><strong>El entrenamiento en Iniciativa Personal<\/strong><\/strong><\/strong><\/strong><\/strong><\/p>\n\n\n\n<div style=\"height:34px\" aria-hidden=\"true\" class=\"wp-block-spacer\"><\/div>\n\n\n\n<div class=\"wp-block-media-text is-stacked-on-mobile\" style=\"grid-template-columns:25% auto\"><figure class=\"wp-block-media-text__media\"><img decoding=\"async\" src=\"https:\/\/slamedia.mx\/wp-content\/uploads\/2025\/02\/business-owner-working-their-strategy-683x1024.jpg\" alt=\"\" class=\"wp-image-3445 size-full\" \/><\/figure><div class=\"wp-block-media-text__content\">\n<div style=\"height:43px\" aria-hidden=\"true\" class=\"wp-block-spacer\"><\/div>\n\n\n\n<p style=\"font-size:18px\">El <strong>entrenamiento en IP<\/strong> se ha utilizado principalmente para apoyar a emprendedores, pero su aplicabilidad va mucho m\u00e1s all\u00e1. Este entrenamiento, basado en evidencia cient\u00edfica, est\u00e1 dise\u00f1ado para cambiar la mentalidad de los participantes, ayud\u00e1ndoles a identificar nuevas oportunidades, actuar r\u00e1pidamente y desarrollar soluciones innovadoras, sin importar su campo de acci\u00f3n.<\/p>\n\n\n\n<p style=\"font-size:18px\"><br>El Entrenamiento IP se imparte mediante una metodolog\u00eda interactiva que promueve el aprendizaje pr\u00e1ctico, permitiendo a los participantes aplicar lo aprendido en su propio contexto.<\/p>\n\n\n\n<p style=\"font-size:18px\"><br>El entrenamiento en IP ha sido implementado en varios proyectos internacionales, incluyendo pa\u00edses en desarrollo de <em>\u00c1frica, Am\u00e9rica Latina y el Caribe,<\/em> con el fin de fomentar el emprendimiento y la creaci\u00f3n de empleo.<\/p>\n<\/div><\/div>\n\n\n\n<div style=\"height:34px\" aria-hidden=\"true\" class=\"wp-block-spacer\"><\/div>\n\n\n\n<p class=\"has-text-color\" style=\"color:#19546c;font-size:25px\"><strong><strong><strong><strong><strong><strong>El impacto de la Iniciativa Personal en diversos \u00e1mbitos<\/strong><\/strong><\/strong><\/strong><\/strong><\/strong><\/p>\n\n\n\n<div style=\"height:34px\" aria-hidden=\"true\" class=\"wp-block-spacer\"><\/div>\n\n\n\n<p style=\"font-size:18px\">El impacto de IP no se limita al \u00e1mbito empresarial. Esta metodolog\u00eda tiene efectos positivos en una variedad de contextos:<\/p>\n\n\n\n<div style=\"height:34px\" aria-hidden=\"true\" class=\"wp-block-spacer\"><\/div>\n\n\n\n<div class=\"wp-block-columns is-not-stacked-on-mobile is-layout-flex wp-container-core-columns-is-layout-28f84493 wp-block-columns-is-layout-flex\">\n<div class=\"wp-block-column is-layout-flow wp-block-column-is-layout-flow\" style=\"flex-basis:10%\">\n<figure class=\"wp-block-image size-full\"><img decoding=\"async\" src=\"https:\/\/slamedia.mx\/wp-content\/uploads\/2025\/01\/image-2.png\" alt=\"\" class=\"wp-image-2643\" \/><\/figure>\n<\/div>\n\n\n\n<div class=\"wp-block-column is-layout-flow wp-block-column-is-layout-flow\" style=\"flex-basis:70%\">\n<p style=\"font-size:18px\"><strong>Desarrollo personal:<\/strong> al aplicar los principios de la IP, las personas pueden mejorar su capacidad para gestionar el estr\u00e9s, tomar decisiones proactivas y mantener una actitud positiva ante las dificultades.<\/p>\n<\/div>\n<\/div>\n\n\n\n<div class=\"wp-block-columns is-not-stacked-on-mobile is-layout-flex wp-container-core-columns-is-layout-28f84493 wp-block-columns-is-layout-flex\">\n<div class=\"wp-block-column is-layout-flow wp-block-column-is-layout-flow\" style=\"flex-basis:10%\">\n<figure class=\"wp-block-image size-full\"><img decoding=\"async\" src=\"https:\/\/slamedia.mx\/wp-content\/uploads\/2025\/01\/image-5.png\" alt=\"\" class=\"wp-image-3053\" \/><\/figure>\n<\/div>\n\n\n\n<div class=\"wp-block-column is-layout-flow wp-block-column-is-layout-flow\" style=\"flex-basis:70%\">\n<p style=\"font-size:18px\"><strong>Entornos educativos:<\/strong> los estudiantes que desarrollan una mentalidad proactiva pueden anticipar dificultades acad\u00e9micas, adaptarse a cambios y buscar oportunidades para mejorar su rendimiento.<\/p>\n<\/div>\n<\/div>\n\n\n\n<div class=\"wp-block-columns is-not-stacked-on-mobile is-layout-flex wp-container-core-columns-is-layout-28f84493 wp-block-columns-is-layout-flex\">\n<div class=\"wp-block-column is-layout-flow wp-block-column-is-layout-flow\" style=\"flex-basis:10%\">\n<figure class=\"wp-block-image size-full\"><img decoding=\"async\" src=\"https:\/\/slamedia.mx\/wp-content\/uploads\/2025\/01\/image-6.png\" alt=\"\" class=\"wp-image-3054\" \/><\/figure>\n<\/div>\n\n\n\n<div class=\"wp-block-column is-layout-flow wp-block-column-is-layout-flow\" style=\"flex-basis:70%\">\n<p style=\"font-size:18px\"><strong>Entornos laborales:<\/strong> en el \u00e1mbito profesional, los empleados con IP son m\u00e1s capaces de identificar oportunidades de mejora, tomar la iniciativa en proyectos y superar los desaf\u00edos de manera efectiva.<\/p>\n<\/div>\n<\/div>\n\n\n\n<div class=\"wp-block-columns is-not-stacked-on-mobile is-layout-flex wp-container-core-columns-is-layout-28f84493 wp-block-columns-is-layout-flex\">\n<div class=\"wp-block-column is-layout-flow wp-block-column-is-layout-flow\" style=\"flex-basis:10%\">\n<figure class=\"wp-block-image size-full\"><img decoding=\"async\" src=\"https:\/\/slamedia.mx\/wp-content\/uploads\/2025\/01\/image-7.png\" alt=\"\" class=\"wp-image-3055\" \/><\/figure>\n<\/div>\n\n\n\n<div class=\"wp-block-column is-layout-flow wp-block-column-is-layout-flow\" style=\"flex-basis:70%\">\n<p style=\"font-size:18px\"><strong>Liderazgo y trabajo en equipo:<\/strong> los l\u00edderes que aplican los principios de IP fomentan un ambiente de trabajo m\u00e1s colaborativo, creativo y enfocado en soluciones, lo cual beneficia tanto a sus equipos como a las organizaciones en general.<\/p>\n<\/div>\n<\/div>\n\n\n\n<div style=\"height:34px\" aria-hidden=\"true\" class=\"wp-block-spacer\"><\/div>\n","protected":false},"excerpt":{"rendered":"<p>Superar obst\u00e1culos y aprovechar oportunidades no es cuesti\u00f3n de suerte, sino de mentalidad. La iniciativa personal es un enfoque probado que te ayuda a desarrollar una actitud proactiva, anticiparte a los desaf\u00edos y convertir barreras en aprendizajes.<\/p>\n","protected":false},"author":19,"featured_media":904,"comment_status":"open","ping_status":"open","sticky":false,"template":"","format":"standard","meta":{"footnotes":""},"categories":[44],"tags":[],"class_list":["post-880","post","type-post","status-publish","format-standard","has-post-thumbnail","hentry","category-brecha-de-genero"],"_links":{"self":[{"href":"http:\/\/buscafuska.org\/index.php?rest_route=\/wp\/v2\/posts\/880","targetHints":{"allow":["GET"]}}],"collection":[{"href":"http:\/\/buscafuska.org\/index.php?rest_route=\/wp\/v2\/posts"}],"about":[{"href":"http:\/\/buscafuska.org\/index.php?rest_route=\/wp\/v2\/types\/post"}],"author":[{"embeddable":true,"href":"http:\/\/buscafuska.org\/index.php?rest_route=\/wp\/v2\/users\/19"}],"replies":[{"embeddable":true,"href":"http:\/\/buscafuska.org\/index.php?rest_route=%2Fwp%2Fv2%2Fcomments&post=880"}],"version-history":[{"count":12,"href":"http:\/\/buscafuska.org\/index.php?rest_route=\/wp\/v2\/posts\/880\/revisions"}],"predecessor-version":[{"id":930,"href":"http:\/\/buscafuska.org\/index.php?rest_route=\/wp\/v2\/posts\/880\/revisions\/930"}],"wp:featuredmedia":[{"embeddable":true,"href":"http:\/\/buscafuska.org\/index.php?rest_route=\/wp\/v2\/media\/904"}],"wp:attachment":[{"href":"http:\/\/buscafuska.org\/index.php?rest_route=%2Fwp%2Fv2%2Fmedia&parent=880"}],"wp:term":[{"taxonomy":"category","embeddable":true,"href":"http:\/\/buscafuska.org\/index.php?rest_route=%2Fwp%2Fv2%2Fcategories&post=880"},{"taxonomy":"post_tag","embeddable":true,"href":"http:\/\/buscafuska.org\/index.php?rest_route=%2Fwp%2Fv2%2Ftags&post=880"}],"curies":[{"name":"wp","href":"https:\/\/api.w.org\/{rel}","templated":true}]}}